
{"id":7590,"date":"2021-11-26T15:08:22","date_gmt":"2021-11-26T15:08:22","guid":{"rendered":"https:\/\/sitio.pt\/?p=7590"},"modified":"2022-02-24T15:18:15","modified_gmt":"2022-02-24T15:18:15","slug":"sitio-lanca-novo-conceito-de-hybrid-office-em-lisboa-e-porto","status":"publish","type":"post","link":"https:\/\/sitio.pt\/pt-pt\/sitio-lanca-novo-conceito-de-hybrid-office-em-lisboa-e-porto\/","title":{"rendered":"S\u00edtio lan\u00e7a novo conceito de Hybrid Office em Lisboa e Porto"},"content":{"rendered":"<p>Apresentando-o como um \u00abnovo produto ajustado \u00e0s necessidades das empresas que optam por um modelo permanente de escrit\u00f3rio h\u00edbrido\u00bb, o Hybrid Office \u00abresponde \u00e0 procura de solu\u00e7\u00f5es de utiliza\u00e7\u00e3o de um escrit\u00f3rio pr\u00f3prio, mas que oferecem condi\u00e7\u00f5es competitivas quer ao n\u00edvel de custos associados ao aluguer de espa\u00e7o, quer \u00e0 utiliza\u00e7\u00e3o do n\u00famero de dias a contratar\u00bb.<\/p>\n<p>Desta forma, o novo produto da rede sitio permite que as empresas possam escolher o escrit\u00f3rio que querem utilizar dentro das suas 13 localiza\u00e7\u00f5es em Lisboa e tr\u00eas no Porto, bem como a quantidade de dias por semana que pretendem ocup\u00e1-lo e quais os dias da semana nos quais pretendem faz\u00ea-lo, em regime de exclusividade.<\/p>\n<p>De acordo com Miguel Ricardo, General Manager da rede sitio, \u00abos novos produtos como o Hybrid Office t\u00eam como objetivo responder \u00e0 procura, por parte das empresas, por solu\u00e7\u00f5es que permitam criar novos espa\u00e7os de trabalho, nos quais a flexibilidade, a mobilidade dos colaboradores e a redu\u00e7\u00e3o de custos, assumem posi\u00e7\u00f5es estrat\u00e9gicas.\u00bb<\/p>\n<p>Atualmente, a sitio disponibiliza esta solu\u00e7\u00e3o em escrit\u00f3rio privado at\u00e9 14 pessoas, no seu espa\u00e7o Bairro Azul, em Lisboa. Com contratos v\u00e1lidos por um per\u00edodo m\u00ednimo de um m\u00eas, os valores desta solu\u00e7\u00e3o variam conforme o n\u00famero de pessoas e o n\u00famero de dias de utiliza\u00e7\u00e3o por semana, come\u00e7ando nos 500\u20ac\/m\u00eas.<\/p>\n","protected":false},"excerpt":{"rendered":"<p>Apresentando-o como um \u00abnovo produto ajustado \u00e0s necessidades das empresas que optam por um modelo permanente de escrit\u00f3rio h\u00edbrido\u00bb, o Hybrid Office \u00abresponde \u00e0 procura de solu\u00e7\u00f5es de utiliza\u00e7\u00e3o de um escrit\u00f3rio pr\u00f3prio, mas que oferecem condi\u00e7\u00f5es competitivas quer ao n\u00edvel de custos associados ao aluguer de espa\u00e7o, quer \u00e0 utiliza\u00e7\u00e3o do n\u00famero de dias [&hellip;]<\/p>\n","protected":false},"author":7,"featured_media":4732,"comment_status":"closed","ping_status":"open","sticky":false,"template":"","format":"standard","meta":{"_acf_changed":false,"_price":"","_stock":"","_tribe_ticket_header":"","_tribe_default_ticket_provider":"","_tribe_ticket_capacity":"0","_ticket_start_date":"","_ticket_end_date":"","_tribe_ticket_show_description":"","_tribe_ticket_show_not_going":false,"_tribe_ticket_use_global_stock":"","_tribe_ticket_global_stock_level":"","_global_stock_mode":"","_global_stock_cap":"","_tribe_rsvp_for_event":"","_tribe_ticket_going_count":"","_tribe_ticket_not_going_count":"","_tribe_tickets_list":"[]","_tribe_ticket_has_attendee_info_fields":false,"footnotes":"","_tec_slr_enabled":"","_tec_slr_layout":""},"categories":[66,72,40],"class_list":["post-7590","post","type-post","status-publish","format-standard","has-post-thumbnail","hentry","category-co-work","category-sitio-noticias","category-tendencias"],"acf":[],"yoast_head":"<!-- This site is optimized with the Yoast SEO plugin v27.5 - https:\/\/yoast.com\/product\/yoast-seo-wordpress\/ -->\n<title>S\u00edtio lan\u00e7a novo conceito de Hybrid Office em Lisboa e Porto - sitio<\/title>\n<meta name=\"description\" content=\"O Hybrid Office, que permite \u00e0s empresas escolher o escrit\u00f3rio onde querem trabalhar dentro da sua rede em Lisboa e Porto.\" \/>\n<meta name=\"robots\" content=\"index, follow, max-snippet:-1, max-image-preview:large, max-video-preview:-1\" \/>\n<link rel=\"canonical\" href=\"https:\/\/sitio.pt\/sitio-launches-new-hybrid-office-concept-in-lisbon-and-oporto\/\" \/>\n<meta property=\"og:locale\" content=\"pt_PT\" \/>\n<meta property=\"og:type\" content=\"article\" \/>\n<meta property=\"og:title\" content=\"S\u00edtio lan\u00e7a novo conceito de Hybrid Office em Lisboa e Porto - sitio\" \/>\n<meta property=\"og:description\" content=\"O Hybrid Office, que permite \u00e0s empresas escolher o escrit\u00f3rio onde querem trabalhar dentro da sua rede em Lisboa e Porto.\" \/>\n<meta property=\"og:url\" content=\"https:\/\/sitio.pt\/sitio-launches-new-hybrid-office-concept-in-lisbon-and-oporto\/\" \/>\n<meta property=\"og:site_name\" content=\"sitio\" \/>\n<meta property=\"article:publisher\" content=\"https:\/\/www.facebook.com\/sitio.network\/?locale=pt_PT\" \/>\n<meta property=\"article:published_time\" content=\"2021-11-26T15:08:22+00:00\" \/>\n<meta property=\"article:modified_time\" content=\"2022-02-24T15:18:15+00:00\" \/>\n<meta property=\"og:image\" content=\"https:\/\/sitio.pt\/wp-content\/uploads\/2021\/07\/BetTank_004-1-scaled.jpg\" \/>\n\t<meta property=\"og:image:width\" content=\"2560\" \/>\n\t<meta property=\"og:image:height\" content=\"1706\" \/>\n\t<meta property=\"og:image:type\" content=\"image\/jpeg\" \/>\n<meta name=\"author\" content=\"David Oliveira\" \/>\n<meta name=\"twitter:card\" content=\"summary_large_image\" \/>\n<meta name=\"twitter:label1\" content=\"Escrito por\" \/>\n\t<meta name=\"twitter:data1\" content=\"David Oliveira\" \/>\n\t<meta name=\"twitter:label2\" content=\"Tempo estimado de leitura\" \/>\n\t<meta name=\"twitter:data2\" content=\"1 minuto\" \/>\n<script type=\"application\/ld+json\" class=\"yoast-schema-graph\">{\"@context\":\"https:\\\/\\\/schema.org\",\"@graph\":[{\"@type\":\"Article\",\"@id\":\"https:\\\/\\\/sitio.pt\\\/sitio-launches-new-hybrid-office-concept-in-lisbon-and-oporto\\\/#article\",\"isPartOf\":{\"@id\":\"https:\\\/\\\/sitio.pt\\\/sitio-launches-new-hybrid-office-concept-in-lisbon-and-oporto\\\/\"},\"author\":{\"name\":\"David Oliveira\",\"@id\":\"https:\\\/\\\/sitio.pt\\\/#\\\/schema\\\/person\\\/5948f73d18193a5dce409c6466290fe3\"},\"headline\":\"S\u00edtio lan\u00e7a novo conceito de Hybrid Office em Lisboa e Porto\",\"datePublished\":\"2021-11-26T15:08:22+00:00\",\"dateModified\":\"2022-02-24T15:18:15+00:00\",\"mainEntityOfPage\":{\"@id\":\"https:\\\/\\\/sitio.pt\\\/sitio-launches-new-hybrid-office-concept-in-lisbon-and-oporto\\\/\"},\"wordCount\":258,\"publisher\":{\"@id\":\"https:\\\/\\\/sitio.pt\\\/#organization\"},\"image\":{\"@id\":\"https:\\\/\\\/sitio.pt\\\/sitio-launches-new-hybrid-office-concept-in-lisbon-and-oporto\\\/#primaryimage\"},\"thumbnailUrl\":\"https:\\\/\\\/sitio.pt\\\/wp-content\\\/uploads\\\/2021\\\/07\\\/BetTank_004-1-scaled.jpg\",\"articleSection\":[\"Co-Work\",\"Sitio\",\"Tend\u00eancias\"],\"inLanguage\":\"pt-PT\"},{\"@type\":\"WebPage\",\"@id\":\"https:\\\/\\\/sitio.pt\\\/sitio-launches-new-hybrid-office-concept-in-lisbon-and-oporto\\\/\",\"url\":\"https:\\\/\\\/sitio.pt\\\/sitio-launches-new-hybrid-office-concept-in-lisbon-and-oporto\\\/\",\"name\":\"S\u00edtio lan\u00e7a novo conceito de Hybrid Office em Lisboa e Porto - sitio\",\"isPartOf\":{\"@id\":\"https:\\\/\\\/sitio.pt\\\/#website\"},\"primaryImageOfPage\":{\"@id\":\"https:\\\/\\\/sitio.pt\\\/sitio-launches-new-hybrid-office-concept-in-lisbon-and-oporto\\\/#primaryimage\"},\"image\":{\"@id\":\"https:\\\/\\\/sitio.pt\\\/sitio-launches-new-hybrid-office-concept-in-lisbon-and-oporto\\\/#primaryimage\"},\"thumbnailUrl\":\"https:\\\/\\\/sitio.pt\\\/wp-content\\\/uploads\\\/2021\\\/07\\\/BetTank_004-1-scaled.jpg\",\"datePublished\":\"2021-11-26T15:08:22+00:00\",\"dateModified\":\"2022-02-24T15:18:15+00:00\",\"description\":\"O Hybrid Office, que permite \u00e0s empresas escolher o escrit\u00f3rio onde querem trabalhar dentro da sua rede em Lisboa e Porto.\",\"breadcrumb\":{\"@id\":\"https:\\\/\\\/sitio.pt\\\/sitio-launches-new-hybrid-office-concept-in-lisbon-and-oporto\\\/#breadcrumb\"},\"inLanguage\":\"pt-PT\",\"potentialAction\":[{\"@type\":\"ReadAction\",\"target\":[\"https:\\\/\\\/sitio.pt\\\/sitio-launches-new-hybrid-office-concept-in-lisbon-and-oporto\\\/\"]}]},{\"@type\":\"ImageObject\",\"inLanguage\":\"pt-PT\",\"@id\":\"https:\\\/\\\/sitio.pt\\\/sitio-launches-new-hybrid-office-concept-in-lisbon-and-oporto\\\/#primaryimage\",\"url\":\"https:\\\/\\\/sitio.pt\\\/wp-content\\\/uploads\\\/2021\\\/07\\\/BetTank_004-1-scaled.jpg\",\"contentUrl\":\"https:\\\/\\\/sitio.pt\\\/wp-content\\\/uploads\\\/2021\\\/07\\\/BetTank_004-1-scaled.jpg\",\"width\":2560,\"height\":1706,\"caption\":\"Hugo Alves \u00a9 all rights reserved\"},{\"@type\":\"BreadcrumbList\",\"@id\":\"https:\\\/\\\/sitio.pt\\\/sitio-launches-new-hybrid-office-concept-in-lisbon-and-oporto\\\/#breadcrumb\",\"itemListElement\":[{\"@type\":\"ListItem\",\"position\":1,\"name\":\"Home\",\"item\":\"https:\\\/\\\/sitio.pt\\\/pt-pt\\\/\"},{\"@type\":\"ListItem\",\"position\":2,\"name\":\"S\u00edtio lan\u00e7a novo conceito de Hybrid Office em Lisboa e Porto\"}]},{\"@type\":\"WebSite\",\"@id\":\"https:\\\/\\\/sitio.pt\\\/#website\",\"url\":\"https:\\\/\\\/sitio.pt\\\/\",\"name\":\"sitio\",\"description\":\"\",\"publisher\":{\"@id\":\"https:\\\/\\\/sitio.pt\\\/#organization\"},\"potentialAction\":[{\"@type\":\"SearchAction\",\"target\":{\"@type\":\"EntryPoint\",\"urlTemplate\":\"https:\\\/\\\/sitio.pt\\\/?s={search_term_string}\"},\"query-input\":{\"@type\":\"PropertyValueSpecification\",\"valueRequired\":true,\"valueName\":\"search_term_string\"}}],\"inLanguage\":\"pt-PT\"},{\"@type\":\"Organization\",\"@id\":\"https:\\\/\\\/sitio.pt\\\/#organization\",\"name\":\"sitio\",\"url\":\"https:\\\/\\\/sitio.pt\\\/\",\"logo\":{\"@type\":\"ImageObject\",\"inLanguage\":\"pt-PT\",\"@id\":\"https:\\\/\\\/sitio.pt\\\/#\\\/schema\\\/logo\\\/image\\\/\",\"url\":\"https:\\\/\\\/sitio.pt\\\/cms\\\/wp-content\\\/uploads\\\/2022\\\/03\\\/sitio-foto.jpg\",\"contentUrl\":\"https:\\\/\\\/sitio.pt\\\/cms\\\/wp-content\\\/uploads\\\/2022\\\/03\\\/sitio-foto.jpg\",\"width\":1060,\"height\":1305,\"caption\":\"sitio\"},\"image\":{\"@id\":\"https:\\\/\\\/sitio.pt\\\/#\\\/schema\\\/logo\\\/image\\\/\"},\"sameAs\":[\"https:\\\/\\\/www.facebook.com\\\/sitio.network\\\/?locale=pt_PT\"]},{\"@type\":\"Person\",\"@id\":\"https:\\\/\\\/sitio.pt\\\/#\\\/schema\\\/person\\\/5948f73d18193a5dce409c6466290fe3\",\"name\":\"David Oliveira\",\"image\":{\"@type\":\"ImageObject\",\"inLanguage\":\"pt-PT\",\"@id\":\"https:\\\/\\\/secure.gravatar.com\\\/avatar\\\/554d53448bf1916790866de47fd126ebcc5791cb3d75dc65290552ec5e65228d?s=96&d=mm&r=g\",\"url\":\"https:\\\/\\\/secure.gravatar.com\\\/avatar\\\/554d53448bf1916790866de47fd126ebcc5791cb3d75dc65290552ec5e65228d?s=96&d=mm&r=g\",\"contentUrl\":\"https:\\\/\\\/secure.gravatar.com\\\/avatar\\\/554d53448bf1916790866de47fd126ebcc5791cb3d75dc65290552ec5e65228d?s=96&d=mm&r=g\",\"caption\":\"David Oliveira\"},\"sameAs\":[\"https:\\\/\\\/sitio.pt\\\/\"],\"url\":\"https:\\\/\\\/sitio.pt\\\/pt-pt\\\/author\\\/david\\\/\"}]}<\/script>\n<!-- \/ Yoast SEO plugin. -->","yoast_head_json":{"title":"S\u00edtio lan\u00e7a novo conceito de Hybrid Office em Lisboa e Porto - sitio","description":"O Hybrid Office, que permite \u00e0s empresas escolher o escrit\u00f3rio onde querem trabalhar dentro da sua rede em Lisboa e Porto.","robots":{"index":"index","follow":"follow","max-snippet":"max-snippet:-1","max-image-preview":"max-image-preview:large","max-video-preview":"max-video-preview:-1"},"canonical":"https:\/\/sitio.pt\/sitio-launches-new-hybrid-office-concept-in-lisbon-and-oporto\/","og_locale":"pt_PT","og_type":"article","og_title":"S\u00edtio lan\u00e7a novo conceito de Hybrid Office em Lisboa e Porto - sitio","og_description":"O Hybrid Office, que permite \u00e0s empresas escolher o escrit\u00f3rio onde querem trabalhar dentro da sua rede em Lisboa e Porto.","og_url":"https:\/\/sitio.pt\/sitio-launches-new-hybrid-office-concept-in-lisbon-and-oporto\/","og_site_name":"sitio","article_publisher":"https:\/\/www.facebook.com\/sitio.network\/?locale=pt_PT","article_published_time":"2021-11-26T15:08:22+00:00","article_modified_time":"2022-02-24T15:18:15+00:00","og_image":[{"width":2560,"height":1706,"url":"https:\/\/sitio.pt\/wp-content\/uploads\/2021\/07\/BetTank_004-1-scaled.jpg","type":"image\/jpeg"}],"author":"David Oliveira","twitter_card":"summary_large_image","twitter_misc":{"Escrito por":"David Oliveira","Tempo estimado de leitura":"1 minuto"},"schema":{"@context":"https:\/\/schema.org","@graph":[{"@type":"Article","@id":"https:\/\/sitio.pt\/sitio-launches-new-hybrid-office-concept-in-lisbon-and-oporto\/#article","isPartOf":{"@id":"https:\/\/sitio.pt\/sitio-launches-new-hybrid-office-concept-in-lisbon-and-oporto\/"},"author":{"name":"David Oliveira","@id":"https:\/\/sitio.pt\/#\/schema\/person\/5948f73d18193a5dce409c6466290fe3"},"headline":"S\u00edtio lan\u00e7a novo conceito de Hybrid Office em Lisboa e Porto","datePublished":"2021-11-26T15:08:22+00:00","dateModified":"2022-02-24T15:18:15+00:00","mainEntityOfPage":{"@id":"https:\/\/sitio.pt\/sitio-launches-new-hybrid-office-concept-in-lisbon-and-oporto\/"},"wordCount":258,"publisher":{"@id":"https:\/\/sitio.pt\/#organization"},"image":{"@id":"https:\/\/sitio.pt\/sitio-launches-new-hybrid-office-concept-in-lisbon-and-oporto\/#primaryimage"},"thumbnailUrl":"https:\/\/sitio.pt\/wp-content\/uploads\/2021\/07\/BetTank_004-1-scaled.jpg","articleSection":["Co-Work","Sitio","Tend\u00eancias"],"inLanguage":"pt-PT"},{"@type":"WebPage","@id":"https:\/\/sitio.pt\/sitio-launches-new-hybrid-office-concept-in-lisbon-and-oporto\/","url":"https:\/\/sitio.pt\/sitio-launches-new-hybrid-office-concept-in-lisbon-and-oporto\/","name":"S\u00edtio lan\u00e7a novo conceito de Hybrid Office em Lisboa e Porto - sitio","isPartOf":{"@id":"https:\/\/sitio.pt\/#website"},"primaryImageOfPage":{"@id":"https:\/\/sitio.pt\/sitio-launches-new-hybrid-office-concept-in-lisbon-and-oporto\/#primaryimage"},"image":{"@id":"https:\/\/sitio.pt\/sitio-launches-new-hybrid-office-concept-in-lisbon-and-oporto\/#primaryimage"},"thumbnailUrl":"https:\/\/sitio.pt\/wp-content\/uploads\/2021\/07\/BetTank_004-1-scaled.jpg","datePublished":"2021-11-26T15:08:22+00:00","dateModified":"2022-02-24T15:18:15+00:00","description":"O Hybrid Office, que permite \u00e0s empresas escolher o escrit\u00f3rio onde querem trabalhar dentro da sua rede em Lisboa e Porto.","breadcrumb":{"@id":"https:\/\/sitio.pt\/sitio-launches-new-hybrid-office-concept-in-lisbon-and-oporto\/#breadcrumb"},"inLanguage":"pt-PT","potentialAction":[{"@type":"ReadAction","target":["https:\/\/sitio.pt\/sitio-launches-new-hybrid-office-concept-in-lisbon-and-oporto\/"]}]},{"@type":"ImageObject","inLanguage":"pt-PT","@id":"https:\/\/sitio.pt\/sitio-launches-new-hybrid-office-concept-in-lisbon-and-oporto\/#primaryimage","url":"https:\/\/sitio.pt\/wp-content\/uploads\/2021\/07\/BetTank_004-1-scaled.jpg","contentUrl":"https:\/\/sitio.pt\/wp-content\/uploads\/2021\/07\/BetTank_004-1-scaled.jpg","width":2560,"height":1706,"caption":"Hugo Alves \u00a9 all rights reserved"},{"@type":"BreadcrumbList","@id":"https:\/\/sitio.pt\/sitio-launches-new-hybrid-office-concept-in-lisbon-and-oporto\/#breadcrumb","itemListElement":[{"@type":"ListItem","position":1,"name":"Home","item":"https:\/\/sitio.pt\/pt-pt\/"},{"@type":"ListItem","position":2,"name":"S\u00edtio lan\u00e7a novo conceito de Hybrid Office em Lisboa e Porto"}]},{"@type":"WebSite","@id":"https:\/\/sitio.pt\/#website","url":"https:\/\/sitio.pt\/","name":"sitio","description":"","publisher":{"@id":"https:\/\/sitio.pt\/#organization"},"potentialAction":[{"@type":"SearchAction","target":{"@type":"EntryPoint","urlTemplate":"https:\/\/sitio.pt\/?s={search_term_string}"},"query-input":{"@type":"PropertyValueSpecification","valueRequired":true,"valueName":"search_term_string"}}],"inLanguage":"pt-PT"},{"@type":"Organization","@id":"https:\/\/sitio.pt\/#organization","name":"sitio","url":"https:\/\/sitio.pt\/","logo":{"@type":"ImageObject","inLanguage":"pt-PT","@id":"https:\/\/sitio.pt\/#\/schema\/logo\/image\/","url":"https:\/\/sitio.pt\/cms\/wp-content\/uploads\/2022\/03\/sitio-foto.jpg","contentUrl":"https:\/\/sitio.pt\/cms\/wp-content\/uploads\/2022\/03\/sitio-foto.jpg","width":1060,"height":1305,"caption":"sitio"},"image":{"@id":"https:\/\/sitio.pt\/#\/schema\/logo\/image\/"},"sameAs":["https:\/\/www.facebook.com\/sitio.network\/?locale=pt_PT"]},{"@type":"Person","@id":"https:\/\/sitio.pt\/#\/schema\/person\/5948f73d18193a5dce409c6466290fe3","name":"David Oliveira","image":{"@type":"ImageObject","inLanguage":"pt-PT","@id":"https:\/\/secure.gravatar.com\/avatar\/554d53448bf1916790866de47fd126ebcc5791cb3d75dc65290552ec5e65228d?s=96&d=mm&r=g","url":"https:\/\/secure.gravatar.com\/avatar\/554d53448bf1916790866de47fd126ebcc5791cb3d75dc65290552ec5e65228d?s=96&d=mm&r=g","contentUrl":"https:\/\/secure.gravatar.com\/avatar\/554d53448bf1916790866de47fd126ebcc5791cb3d75dc65290552ec5e65228d?s=96&d=mm&r=g","caption":"David Oliveira"},"sameAs":["https:\/\/sitio.pt\/"],"url":"https:\/\/sitio.pt\/pt-pt\/author\/david\/"}]}},"ticketed":false,"_links":{"self":[{"href":"https:\/\/sitio.pt\/pt-pt\/wp-json\/wp\/v2\/posts\/7590","targetHints":{"allow":["GET"]}}],"collection":[{"href":"https:\/\/sitio.pt\/pt-pt\/wp-json\/wp\/v2\/posts"}],"about":[{"href":"https:\/\/sitio.pt\/pt-pt\/wp-json\/wp\/v2\/types\/post"}],"author":[{"embeddable":true,"href":"https:\/\/sitio.pt\/pt-pt\/wp-json\/wp\/v2\/users\/7"}],"replies":[{"embeddable":true,"href":"https:\/\/sitio.pt\/pt-pt\/wp-json\/wp\/v2\/comments?post=7590"}],"version-history":[{"count":2,"href":"https:\/\/sitio.pt\/pt-pt\/wp-json\/wp\/v2\/posts\/7590\/revisions"}],"predecessor-version":[{"id":20230,"href":"https:\/\/sitio.pt\/pt-pt\/wp-json\/wp\/v2\/posts\/7590\/revisions\/20230"}],"wp:featuredmedia":[{"embeddable":true,"href":"https:\/\/sitio.pt\/pt-pt\/wp-json\/wp\/v2\/media\/4732"}],"wp:attachment":[{"href":"https:\/\/sitio.pt\/pt-pt\/wp-json\/wp\/v2\/media?parent=7590"}],"wp:term":[{"taxonomy":"category","embeddable":true,"href":"https:\/\/sitio.pt\/pt-pt\/wp-json\/wp\/v2\/categories?post=7590"}],"curies":[{"name":"wp","href":"https:\/\/api.w.org\/{rel}","templated":true}]}}