
{"id":15464,"date":"2021-12-03T19:30:25","date_gmt":"2021-12-03T19:30:25","guid":{"rendered":"https:\/\/sitio.pt\/perfil-fernando-centeio-by-sonia-morais-santos-coco-na-fralda\/"},"modified":"2022-03-20T14:41:04","modified_gmt":"2022-03-20T14:41:04","slug":"perfil-fernando-centeio-by-sonia-morais-santos-coco-na-fralda","status":"publish","type":"post","link":"https:\/\/sitio.pt\/pt-pt\/perfil-fernando-centeio-by-sonia-morais-santos-coco-na-fralda\/","title":{"rendered":"Perfil: Fernando Centeio by S\u00f3nia Morais Santos @Coc\u00f3 na Fralda"},"content":{"rendered":"<p>Para contar a hist\u00f3ria de Fernando Centeio, come\u00e7o na primeira pessoa. Porque foi assim que tudo come\u00e7ou, pelo impacto que aquele tipo sorridente e de uma simpatia desarmante teve em mim.<\/p>\n<p>Tinha acabado de me mudar para um escrit\u00f3rio novo, no Alto de S\u00e3o Jo\u00e3o, e tudo tinha aquele aspecto de centro criativo fervilhante, em que imaginava pessoas extrovertidas e entusiasmadas com as respectivas artes, muito mais do que gente enclausurada em gabinetes, de tom macilento, e olhos postos na hora da sa\u00edda.<\/p>\n<p>Eu (e refor\u00e7o, esta incurs\u00e3o na primeira pessoa \u00e9 mesmo s\u00f3 para contextualizar, j\u00e1 vamos ao que realmente interessa) estava delirante com o meu novo espa\u00e7o: tinha m\u00f3veis por montar, outros que eu pr\u00f3pria me encarreguei de lixar e pintar, e cada dia era uma festa renovada de prazer de constru\u00e7\u00e3o e de in\u00edcio. Nunca conseguirei descrever o quanto sou doida por in\u00edcios.<\/p>\n<p>Os dias foram passando, as pessoas dos escrit\u00f3rios vizinhos tamb\u00e9m, e s\u00f3 uma me bateu \u00e0 porta e abriu, depois do meu assentimento feliz:<\/p>\n<p>&#8211; Ol\u00e1! Ent\u00e3o seja muito bem-vinda! O meu nome \u00e9 Fernando, sou o vizinho ali da Zulfilmes! Qualquer coisa que precise \u00e9 dizer!<\/p>\n<p>Depois desse dia, repetiram-se outros. Calha que o meu escrit\u00f3rio \u00e9 a caminho das casas de banho &#8211; \u00e9, como se costuma dizer, local de passagem. Mas calha que, entre aqueles que passam, s\u00f3 ele p\u00e1ra. S\u00f3 ele passa, acena, abre, espreita e atira um bom dia que sabe a ver\u00e3o mesmo que esteja a chover. S\u00f3 ele n\u00e3o se ensaia de espalhar alegria e uma energia que, mesmo para quem sabe pouco (ou nada) de energias, \u00e9 uma esp\u00e9cie de raio de luz que fica, mesmo quando a porta se fecha, e ele se vai.<\/p>\n<p>Acresce que Fernando Centeio \u00e9 um nome conhecido e reconhecido do cinema portugu\u00eas. A porra \u00e9 que o cinema portugu\u00eas teima em ser conhecido por poucos. Mas, ainda assim, ele j\u00e1 fez tantas coisas que podia ter-lhe dado para ser como tantos que se julgam acima dos demais e que, por isso mesmo, jamais se dariam ao trabalho de bater \u00e0 porta de uma ilustre desconhecida, oferecendo ajuda e boas-vindas.<\/p>\n<p>Este \u00e9, para come\u00e7o de conversa, Fernando Centeio. Nos dias que correm, diria que \u00e9 um come\u00e7o de conversa que diz muito.<\/p>\n<p>Para ler mais: <a href=\"https:\/\/coconafralda.sapo.pt\/perfil-fernando-centeio-2525010\" target=\"_blank\" rel=\"noopener\">Visite o blog C\u00f3co na Fralda<\/a><\/p>\n","protected":false},"excerpt":{"rendered":"<p>Para contar a hist\u00f3ria de Fernando Centeio, come\u00e7o na primeira pessoa. Porque foi assim que tudo come\u00e7ou, pelo impacto que aquele tipo sorridente e de uma simpatia desarmante teve em mim. Tinha acabado de me mudar para um escrit\u00f3rio novo, no Alto de S\u00e3o Jo\u00e3o, e tudo tinha aquele aspecto de centro criativo fervilhante, em [&hellip;]<\/p>\n","protected":false},"author":7,"featured_media":8015,"comment_status":"closed","ping_status":"open","sticky":false,"template":"","format":"standard","meta":{"_acf_changed":false,"_price":"","_stock":"","_tribe_ticket_header":"","_tribe_default_ticket_provider":"","_tribe_ticket_capacity":"0","_ticket_start_date":"","_ticket_end_date":"","_tribe_ticket_show_description":"","_tribe_ticket_show_not_going":false,"_tribe_ticket_use_global_stock":"","_tribe_ticket_global_stock_level":"","_global_stock_mode":"","_global_stock_cap":"","_tribe_rsvp_for_event":"","_tribe_ticket_going_count":"","_tribe_ticket_not_going_count":"","_tribe_tickets_list":"[]","_tribe_ticket_has_attendee_info_fields":false,"footnotes":"","_tec_slr_enabled":"","_tec_slr_layout":""},"categories":[35],"class_list":["post-15464","post","type-post","status-publish","format-standard","has-post-thumbnail","hentry","category-lifestyle"],"acf":[],"yoast_head":"<!-- This site is optimized with the Yoast SEO plugin v27.5 - https:\/\/yoast.com\/product\/yoast-seo-wordpress\/ -->\n<title>Fernando Centeio by S\u00f3nia Santos @Coc\u00f3 na Fralda - sitio<\/title>\n<meta name=\"description\" content=\"Para contar a hist\u00f3ria de Fernando Centeio, come\u00e7o na primeira pessoa. Porque foi assim que tudo come\u00e7ou, pelo impacto ...\" \/>\n<meta name=\"robots\" content=\"index, follow, max-snippet:-1, max-image-preview:large, max-video-preview:-1\" \/>\n<link rel=\"canonical\" href=\"https:\/\/sitio.pt\/profile-fernando-centeio-by-sonia-morais-santos\/\" \/>\n<meta property=\"og:locale\" content=\"pt_PT\" \/>\n<meta property=\"og:type\" content=\"article\" \/>\n<meta property=\"og:title\" content=\"Fernando Centeio by S\u00f3nia Santos @Coc\u00f3 na Fralda - sitio\" \/>\n<meta property=\"og:description\" content=\"Para contar a hist\u00f3ria de Fernando Centeio, come\u00e7o na primeira pessoa. Porque foi assim que tudo come\u00e7ou, pelo impacto ...\" \/>\n<meta property=\"og:url\" content=\"https:\/\/sitio.pt\/profile-fernando-centeio-by-sonia-morais-santos\/\" \/>\n<meta property=\"og:site_name\" content=\"sitio\" \/>\n<meta property=\"article:publisher\" content=\"https:\/\/www.facebook.com\/sitio.network\/?locale=pt_PT\" \/>\n<meta property=\"article:published_time\" content=\"2021-12-03T19:30:25+00:00\" \/>\n<meta property=\"article:modified_time\" content=\"2022-03-20T14:41:04+00:00\" \/>\n<meta property=\"og:image\" content=\"https:\/\/sitio.pt\/wp-content\/uploads\/2021\/12\/coco-na-fralda.png\" \/>\n\t<meta property=\"og:image:width\" content=\"2256\" \/>\n\t<meta property=\"og:image:height\" content=\"1044\" \/>\n\t<meta property=\"og:image:type\" content=\"image\/png\" \/>\n<meta name=\"author\" content=\"David Oliveira\" \/>\n<meta name=\"twitter:card\" content=\"summary_large_image\" \/>\n<meta name=\"twitter:label1\" content=\"Escrito por\" \/>\n\t<meta name=\"twitter:data1\" content=\"David Oliveira\" \/>\n\t<meta name=\"twitter:label2\" content=\"Tempo estimado de leitura\" \/>\n\t<meta name=\"twitter:data2\" content=\"2 minutos\" \/>\n<script type=\"application\/ld+json\" class=\"yoast-schema-graph\">{\"@context\":\"https:\\\/\\\/schema.org\",\"@graph\":[{\"@type\":\"Article\",\"@id\":\"https:\\\/\\\/sitio.pt\\\/profile-fernando-centeio-by-sonia-morais-santos\\\/#article\",\"isPartOf\":{\"@id\":\"https:\\\/\\\/sitio.pt\\\/profile-fernando-centeio-by-sonia-morais-santos\\\/\"},\"author\":{\"name\":\"David Oliveira\",\"@id\":\"https:\\\/\\\/sitio.pt\\\/#\\\/schema\\\/person\\\/5948f73d18193a5dce409c6466290fe3\"},\"headline\":\"Perfil: Fernando Centeio by S\u00f3nia Morais Santos @Coc\u00f3 na Fralda\",\"datePublished\":\"2021-12-03T19:30:25+00:00\",\"dateModified\":\"2022-03-20T14:41:04+00:00\",\"mainEntityOfPage\":{\"@id\":\"https:\\\/\\\/sitio.pt\\\/profile-fernando-centeio-by-sonia-morais-santos\\\/\"},\"wordCount\":417,\"publisher\":{\"@id\":\"https:\\\/\\\/sitio.pt\\\/#organization\"},\"image\":{\"@id\":\"https:\\\/\\\/sitio.pt\\\/profile-fernando-centeio-by-sonia-morais-santos\\\/#primaryimage\"},\"thumbnailUrl\":\"https:\\\/\\\/sitio.pt\\\/wp-content\\\/uploads\\\/2021\\\/12\\\/coco-na-fralda.png\",\"articleSection\":[\"Lifestyle\"],\"inLanguage\":\"pt-PT\"},{\"@type\":\"WebPage\",\"@id\":\"https:\\\/\\\/sitio.pt\\\/profile-fernando-centeio-by-sonia-morais-santos\\\/\",\"url\":\"https:\\\/\\\/sitio.pt\\\/profile-fernando-centeio-by-sonia-morais-santos\\\/\",\"name\":\"Fernando Centeio by S\u00f3nia Santos @Coc\u00f3 na Fralda - sitio\",\"isPartOf\":{\"@id\":\"https:\\\/\\\/sitio.pt\\\/#website\"},\"primaryImageOfPage\":{\"@id\":\"https:\\\/\\\/sitio.pt\\\/profile-fernando-centeio-by-sonia-morais-santos\\\/#primaryimage\"},\"image\":{\"@id\":\"https:\\\/\\\/sitio.pt\\\/profile-fernando-centeio-by-sonia-morais-santos\\\/#primaryimage\"},\"thumbnailUrl\":\"https:\\\/\\\/sitio.pt\\\/wp-content\\\/uploads\\\/2021\\\/12\\\/coco-na-fralda.png\",\"datePublished\":\"2021-12-03T19:30:25+00:00\",\"dateModified\":\"2022-03-20T14:41:04+00:00\",\"description\":\"Para contar a hist\u00f3ria de Fernando Centeio, come\u00e7o na primeira pessoa. Porque foi assim que tudo come\u00e7ou, pelo impacto ...\",\"breadcrumb\":{\"@id\":\"https:\\\/\\\/sitio.pt\\\/profile-fernando-centeio-by-sonia-morais-santos\\\/#breadcrumb\"},\"inLanguage\":\"pt-PT\",\"potentialAction\":[{\"@type\":\"ReadAction\",\"target\":[\"https:\\\/\\\/sitio.pt\\\/profile-fernando-centeio-by-sonia-morais-santos\\\/\"]}]},{\"@type\":\"ImageObject\",\"inLanguage\":\"pt-PT\",\"@id\":\"https:\\\/\\\/sitio.pt\\\/profile-fernando-centeio-by-sonia-morais-santos\\\/#primaryimage\",\"url\":\"https:\\\/\\\/sitio.pt\\\/wp-content\\\/uploads\\\/2021\\\/12\\\/coco-na-fralda.png\",\"contentUrl\":\"https:\\\/\\\/sitio.pt\\\/wp-content\\\/uploads\\\/2021\\\/12\\\/coco-na-fralda.png\",\"width\":2256,\"height\":1044,\"caption\":\"coco na fralda blog\"},{\"@type\":\"BreadcrumbList\",\"@id\":\"https:\\\/\\\/sitio.pt\\\/profile-fernando-centeio-by-sonia-morais-santos\\\/#breadcrumb\",\"itemListElement\":[{\"@type\":\"ListItem\",\"position\":1,\"name\":\"Home\",\"item\":\"https:\\\/\\\/sitio.pt\\\/pt-pt\\\/\"},{\"@type\":\"ListItem\",\"position\":2,\"name\":\"Perfil: Fernando Centeio by S\u00f3nia Morais Santos @Coc\u00f3 na Fralda\"}]},{\"@type\":\"WebSite\",\"@id\":\"https:\\\/\\\/sitio.pt\\\/#website\",\"url\":\"https:\\\/\\\/sitio.pt\\\/\",\"name\":\"sitio\",\"description\":\"\",\"publisher\":{\"@id\":\"https:\\\/\\\/sitio.pt\\\/#organization\"},\"potentialAction\":[{\"@type\":\"SearchAction\",\"target\":{\"@type\":\"EntryPoint\",\"urlTemplate\":\"https:\\\/\\\/sitio.pt\\\/?s={search_term_string}\"},\"query-input\":{\"@type\":\"PropertyValueSpecification\",\"valueRequired\":true,\"valueName\":\"search_term_string\"}}],\"inLanguage\":\"pt-PT\"},{\"@type\":\"Organization\",\"@id\":\"https:\\\/\\\/sitio.pt\\\/#organization\",\"name\":\"sitio\",\"url\":\"https:\\\/\\\/sitio.pt\\\/\",\"logo\":{\"@type\":\"ImageObject\",\"inLanguage\":\"pt-PT\",\"@id\":\"https:\\\/\\\/sitio.pt\\\/#\\\/schema\\\/logo\\\/image\\\/\",\"url\":\"https:\\\/\\\/sitio.pt\\\/cms\\\/wp-content\\\/uploads\\\/2022\\\/03\\\/sitio-foto.jpg\",\"contentUrl\":\"https:\\\/\\\/sitio.pt\\\/cms\\\/wp-content\\\/uploads\\\/2022\\\/03\\\/sitio-foto.jpg\",\"width\":1060,\"height\":1305,\"caption\":\"sitio\"},\"image\":{\"@id\":\"https:\\\/\\\/sitio.pt\\\/#\\\/schema\\\/logo\\\/image\\\/\"},\"sameAs\":[\"https:\\\/\\\/www.facebook.com\\\/sitio.network\\\/?locale=pt_PT\"]},{\"@type\":\"Person\",\"@id\":\"https:\\\/\\\/sitio.pt\\\/#\\\/schema\\\/person\\\/5948f73d18193a5dce409c6466290fe3\",\"name\":\"David Oliveira\",\"image\":{\"@type\":\"ImageObject\",\"inLanguage\":\"pt-PT\",\"@id\":\"https:\\\/\\\/secure.gravatar.com\\\/avatar\\\/554d53448bf1916790866de47fd126ebcc5791cb3d75dc65290552ec5e65228d?s=96&d=mm&r=g\",\"url\":\"https:\\\/\\\/secure.gravatar.com\\\/avatar\\\/554d53448bf1916790866de47fd126ebcc5791cb3d75dc65290552ec5e65228d?s=96&d=mm&r=g\",\"contentUrl\":\"https:\\\/\\\/secure.gravatar.com\\\/avatar\\\/554d53448bf1916790866de47fd126ebcc5791cb3d75dc65290552ec5e65228d?s=96&d=mm&r=g\",\"caption\":\"David Oliveira\"},\"sameAs\":[\"https:\\\/\\\/sitio.pt\\\/\"],\"url\":\"https:\\\/\\\/sitio.pt\\\/pt-pt\\\/author\\\/david\\\/\"}]}<\/script>\n<!-- \/ Yoast SEO plugin. -->","yoast_head_json":{"title":"Fernando Centeio by S\u00f3nia Santos @Coc\u00f3 na Fralda - sitio","description":"Para contar a hist\u00f3ria de Fernando Centeio, come\u00e7o na primeira pessoa. Porque foi assim que tudo come\u00e7ou, pelo impacto ...","robots":{"index":"index","follow":"follow","max-snippet":"max-snippet:-1","max-image-preview":"max-image-preview:large","max-video-preview":"max-video-preview:-1"},"canonical":"https:\/\/sitio.pt\/profile-fernando-centeio-by-sonia-morais-santos\/","og_locale":"pt_PT","og_type":"article","og_title":"Fernando Centeio by S\u00f3nia Santos @Coc\u00f3 na Fralda - sitio","og_description":"Para contar a hist\u00f3ria de Fernando Centeio, come\u00e7o na primeira pessoa. Porque foi assim que tudo come\u00e7ou, pelo impacto ...","og_url":"https:\/\/sitio.pt\/profile-fernando-centeio-by-sonia-morais-santos\/","og_site_name":"sitio","article_publisher":"https:\/\/www.facebook.com\/sitio.network\/?locale=pt_PT","article_published_time":"2021-12-03T19:30:25+00:00","article_modified_time":"2022-03-20T14:41:04+00:00","og_image":[{"width":2256,"height":1044,"url":"https:\/\/sitio.pt\/wp-content\/uploads\/2021\/12\/coco-na-fralda.png","type":"image\/png"}],"author":"David Oliveira","twitter_card":"summary_large_image","twitter_misc":{"Escrito por":"David Oliveira","Tempo estimado de leitura":"2 minutos"},"schema":{"@context":"https:\/\/schema.org","@graph":[{"@type":"Article","@id":"https:\/\/sitio.pt\/profile-fernando-centeio-by-sonia-morais-santos\/#article","isPartOf":{"@id":"https:\/\/sitio.pt\/profile-fernando-centeio-by-sonia-morais-santos\/"},"author":{"name":"David Oliveira","@id":"https:\/\/sitio.pt\/#\/schema\/person\/5948f73d18193a5dce409c6466290fe3"},"headline":"Perfil: Fernando Centeio by S\u00f3nia Morais Santos @Coc\u00f3 na Fralda","datePublished":"2021-12-03T19:30:25+00:00","dateModified":"2022-03-20T14:41:04+00:00","mainEntityOfPage":{"@id":"https:\/\/sitio.pt\/profile-fernando-centeio-by-sonia-morais-santos\/"},"wordCount":417,"publisher":{"@id":"https:\/\/sitio.pt\/#organization"},"image":{"@id":"https:\/\/sitio.pt\/profile-fernando-centeio-by-sonia-morais-santos\/#primaryimage"},"thumbnailUrl":"https:\/\/sitio.pt\/wp-content\/uploads\/2021\/12\/coco-na-fralda.png","articleSection":["Lifestyle"],"inLanguage":"pt-PT"},{"@type":"WebPage","@id":"https:\/\/sitio.pt\/profile-fernando-centeio-by-sonia-morais-santos\/","url":"https:\/\/sitio.pt\/profile-fernando-centeio-by-sonia-morais-santos\/","name":"Fernando Centeio by S\u00f3nia Santos @Coc\u00f3 na Fralda - sitio","isPartOf":{"@id":"https:\/\/sitio.pt\/#website"},"primaryImageOfPage":{"@id":"https:\/\/sitio.pt\/profile-fernando-centeio-by-sonia-morais-santos\/#primaryimage"},"image":{"@id":"https:\/\/sitio.pt\/profile-fernando-centeio-by-sonia-morais-santos\/#primaryimage"},"thumbnailUrl":"https:\/\/sitio.pt\/wp-content\/uploads\/2021\/12\/coco-na-fralda.png","datePublished":"2021-12-03T19:30:25+00:00","dateModified":"2022-03-20T14:41:04+00:00","description":"Para contar a hist\u00f3ria de Fernando Centeio, come\u00e7o na primeira pessoa. Porque foi assim que tudo come\u00e7ou, pelo impacto ...","breadcrumb":{"@id":"https:\/\/sitio.pt\/profile-fernando-centeio-by-sonia-morais-santos\/#breadcrumb"},"inLanguage":"pt-PT","potentialAction":[{"@type":"ReadAction","target":["https:\/\/sitio.pt\/profile-fernando-centeio-by-sonia-morais-santos\/"]}]},{"@type":"ImageObject","inLanguage":"pt-PT","@id":"https:\/\/sitio.pt\/profile-fernando-centeio-by-sonia-morais-santos\/#primaryimage","url":"https:\/\/sitio.pt\/wp-content\/uploads\/2021\/12\/coco-na-fralda.png","contentUrl":"https:\/\/sitio.pt\/wp-content\/uploads\/2021\/12\/coco-na-fralda.png","width":2256,"height":1044,"caption":"coco na fralda blog"},{"@type":"BreadcrumbList","@id":"https:\/\/sitio.pt\/profile-fernando-centeio-by-sonia-morais-santos\/#breadcrumb","itemListElement":[{"@type":"ListItem","position":1,"name":"Home","item":"https:\/\/sitio.pt\/pt-pt\/"},{"@type":"ListItem","position":2,"name":"Perfil: Fernando Centeio by S\u00f3nia Morais Santos @Coc\u00f3 na Fralda"}]},{"@type":"WebSite","@id":"https:\/\/sitio.pt\/#website","url":"https:\/\/sitio.pt\/","name":"sitio","description":"","publisher":{"@id":"https:\/\/sitio.pt\/#organization"},"potentialAction":[{"@type":"SearchAction","target":{"@type":"EntryPoint","urlTemplate":"https:\/\/sitio.pt\/?s={search_term_string}"},"query-input":{"@type":"PropertyValueSpecification","valueRequired":true,"valueName":"search_term_string"}}],"inLanguage":"pt-PT"},{"@type":"Organization","@id":"https:\/\/sitio.pt\/#organization","name":"sitio","url":"https:\/\/sitio.pt\/","logo":{"@type":"ImageObject","inLanguage":"pt-PT","@id":"https:\/\/sitio.pt\/#\/schema\/logo\/image\/","url":"https:\/\/sitio.pt\/cms\/wp-content\/uploads\/2022\/03\/sitio-foto.jpg","contentUrl":"https:\/\/sitio.pt\/cms\/wp-content\/uploads\/2022\/03\/sitio-foto.jpg","width":1060,"height":1305,"caption":"sitio"},"image":{"@id":"https:\/\/sitio.pt\/#\/schema\/logo\/image\/"},"sameAs":["https:\/\/www.facebook.com\/sitio.network\/?locale=pt_PT"]},{"@type":"Person","@id":"https:\/\/sitio.pt\/#\/schema\/person\/5948f73d18193a5dce409c6466290fe3","name":"David Oliveira","image":{"@type":"ImageObject","inLanguage":"pt-PT","@id":"https:\/\/secure.gravatar.com\/avatar\/554d53448bf1916790866de47fd126ebcc5791cb3d75dc65290552ec5e65228d?s=96&d=mm&r=g","url":"https:\/\/secure.gravatar.com\/avatar\/554d53448bf1916790866de47fd126ebcc5791cb3d75dc65290552ec5e65228d?s=96&d=mm&r=g","contentUrl":"https:\/\/secure.gravatar.com\/avatar\/554d53448bf1916790866de47fd126ebcc5791cb3d75dc65290552ec5e65228d?s=96&d=mm&r=g","caption":"David Oliveira"},"sameAs":["https:\/\/sitio.pt\/"],"url":"https:\/\/sitio.pt\/pt-pt\/author\/david\/"}]}},"ticketed":false,"_links":{"self":[{"href":"https:\/\/sitio.pt\/pt-pt\/wp-json\/wp\/v2\/posts\/15464","targetHints":{"allow":["GET"]}}],"collection":[{"href":"https:\/\/sitio.pt\/pt-pt\/wp-json\/wp\/v2\/posts"}],"about":[{"href":"https:\/\/sitio.pt\/pt-pt\/wp-json\/wp\/v2\/types\/post"}],"author":[{"embeddable":true,"href":"https:\/\/sitio.pt\/pt-pt\/wp-json\/wp\/v2\/users\/7"}],"replies":[{"embeddable":true,"href":"https:\/\/sitio.pt\/pt-pt\/wp-json\/wp\/v2\/comments?post=15464"}],"version-history":[{"count":1,"href":"https:\/\/sitio.pt\/pt-pt\/wp-json\/wp\/v2\/posts\/15464\/revisions"}],"predecessor-version":[{"id":15465,"href":"https:\/\/sitio.pt\/pt-pt\/wp-json\/wp\/v2\/posts\/15464\/revisions\/15465"}],"wp:featuredmedia":[{"embeddable":true,"href":"https:\/\/sitio.pt\/pt-pt\/wp-json\/wp\/v2\/media\/8015"}],"wp:attachment":[{"href":"https:\/\/sitio.pt\/pt-pt\/wp-json\/wp\/v2\/media?parent=15464"}],"wp:term":[{"taxonomy":"category","embeddable":true,"href":"https:\/\/sitio.pt\/pt-pt\/wp-json\/wp\/v2\/categories?post=15464"}],"curies":[{"name":"wp","href":"https:\/\/api.w.org\/{rel}","templated":true}]}}